{"id":4550,"date":"2017-07-05T13:38:27","date_gmt":"2017-07-05T11:38:27","guid":{"rendered":"http:\/\/prolifeclinics.ro\/?p=4550"},"modified":"2017-07-05T13:38:27","modified_gmt":"2017-07-05T11:38:27","slug":"campanii-si-evenimente","status":"publish","type":"post","link":"https:\/\/clienti.prolifeclinics.ro\/index.php\/2017\/07\/05\/campanii-si-evenimente\/","title":{"rendered":"Campanii si evenimente"},"content":{"rendered":"<div id=\"text40\">\n<div class=\"wpmd\">\n<h3 style=\"text-align: center;\"><span style=\"font-family: georgia, palatino, serif; color: #008000;\"><strong>Innovation in Health<\/strong><\/span><\/h3>\n<\/div>\n<div class=\"wpmd\"><span style=\"font-family: georgia, palatino, serif;\"><strong>Inova\u0163ia<\/strong>\u00a0nu ar fi posibil\u0103 f\u0103r\u0103 oameni extraordinari \u015fi f\u0103r\u0103 eforturile acestora de a\u00a0face ca lucrurile s\u0103 se \u00eentample.\u00a0Acesta este motivul pentru care alegem s\u0103 le mul\u0163umim \u015fi totodat\u0103 s\u0103 \u00eei premiem pe cei care pun pasiune, ambi\u0163ie, timp \u015fi dedicare proiectelor inovatoare \u00een sistemul sanitar \u0219i veterinar, menite s\u0103 ofere servicii \u015fi solu\u0163ii la cel mai \u00eenalt nivel pentru cre\u015fterea actului medical \u015fi a calit\u0103\u0163ii vie\u0163ii. La Gala Innovation in Health Awards 2016\u00a0au confirmat prezenta peste 200 de personalitati (profesori, academicieni, cadre medicale, farmaceutice si veterinare, manageri de companii publice si private, reprezentanti ai institutiilor financiare, autoritati si persoane care si-au adus aportul la dezvoltarea domeniului sanitar si veterinar din Romania etc.\u00a0<\/span><\/div>\n<div class=\"wpmd\"><\/div>\n<div class=\"wpmd\" style=\"text-align: center;\">http:\/\/innovationinhealth.ro<\/div>\n<div class=\"wpmd\"><\/div>\n<div class=\"wpmd\">\n<p><a href=\"http:\/\/prolifeclinics.ro\/wp-content\/uploads\/2014\/12\/20170529_165404.jpg\"><img loading=\"lazy\" decoding=\"async\" class=\" size-medium wp-image-4489 aligncenter\" src=\"http:\/\/prolifeclinics.ro\/wp-content\/uploads\/2014\/12\/20170529_165404-225x300.jpg\" alt=\"20170529_165404\" width=\"225\" height=\"300\" \/><\/a><\/p>\n<h3 style=\"text-align: center;\"><\/h3>\n<h3 style=\"text-align: center;\"><span style=\"font-family: georgia, palatino, serif; color: #008000;\"><strong>Entrepreneur Of The Year<\/strong><strong>&#x2122;<\/strong>\u00a0 \u00a0<\/span><\/h3>\n<p>Programul\u00a0<strong>Entrepreneur Of The Year<\/strong><strong>&#x2122;<\/strong>, singura competi\u0163ie antreprenorial\u0103 global\u0103, are loc \u00eencep\u00e2nd cu anul 2014\u00a0\u015fi \u00een Rom\u00e2nia.<\/p>\n<div>\n<p>Prin organizarea competi\u021biei \u00een Rom\u00e2nia\u00a0recunoa\u0219tem meritele remarcabile ale antreprenorilor rom\u00e2ni, aducem laolalt\u0103 pove\u0219ti de succes \u0219i apropiem membrii acestei comunit\u0103\u021bi care schimb\u0103 Rom\u00e2nia.\u00a0Comunitatea antreprenorilor care au concurat \u00een primele dou\u0103 edi\u021bii ale competi\u021biei num\u0103r\u0103 ast\u0103zi 88 de membri.<\/p>\n<p>Suntem \u00een c\u0103utarea\u00a0oamenilor care inspir\u0103 prin viziunea, leadershipul \u015fi realiz\u0103rile lor.\u00a0Intr\u0103 \u00een competi\u021bie!<\/p>\n<p style=\"text-align: center;\">https:\/\/www.eyromania.ro\/eoty-2016<\/p>\n<\/div>\n<p><a href=\"http:\/\/prolifeclinics.ro\/wp-content\/uploads\/2014\/12\/img-529164305-0001.jpg\"><img loading=\"lazy\" decoding=\"async\" class=\" size-medium wp-image-4487 aligncenter\" src=\"http:\/\/prolifeclinics.ro\/wp-content\/uploads\/2014\/12\/img-529164305-0001-300x208.jpg\" alt=\"img-529164305-0001\" width=\"300\" height=\"208\" \/><\/a><\/p>\n<div><\/div>\n<p style=\"text-align: center;\"><span style=\"font-family: georgia, palatino, serif;\">\u00a0 \u00a0 \u00a0<span style=\"color: #008000;\"><span style=\"font-size: 19px;\"><b>Ziua Mondiala a Diabetului <\/b><\/span><\/span><\/span><\/p>\n<p style=\"text-align: center;\"><span style=\"font-family: georgia, palatino, serif;\"><span style=\"color: #008000;\"><span style=\"font-size: 19px;\"><b>Raducaneni &#8211; 14 noiembrie 2015<\/b><\/span><\/span><\/span><\/p>\n<p style=\"text-align: left;\">Ziua Mondial\u0103 a Diabetului are loc \u00een fiecare an \u00een data de 14 noiembrie, la ini\u0163iativa Federa\u0163iei Interna\u0163ionale de Diabet (IDF), cu sprijinul Organiza\u0163iei Mondiale a S\u0103n\u0103t\u0103\u0163ii. Aceast\u0103 zi este marcat\u0103 la nivel interna\u0163ional de c\u0103tre toate asocia\u0163iile membre ale IDF, de furnizorii de servicii de s\u0103n\u0103tate, c\u00e2t \u015fi de persoanele afectate de diabet, fiind cea mai mare campanie mondial\u0103 de informare asupra diabetului.<br \/>\n\u00cen fiecare an, Ziua Mondial\u0103 a Diabetului se concentreaz\u0103 pe o tem\u0103 aparte. Din 2009 \u00eencoace, tema este prevenirea diabetului \u015fi educarea cu privire la acesta, scopul acestui eveniment fiind s\u0103 ofere o mai bun\u0103 informare persoanelor care sufer\u0103 de diabet, reprezent\u00e2nd \u015fi o manier\u0103 de implicare \u015fi de informare a publicului, \u00een general.<\/p>\n\n<p style=\"text-align: center;\"><span style=\"font-family: georgia, palatino, serif;\">\u00a0 \u00a0 \u00a0 \u00a0 \u00a0<\/span><\/p>\n<p style=\"text-align: center;\"><span style=\"font-size: 14pt; font-family: georgia, palatino, serif;\"><strong><span style=\"color: #008000;\">Euro Melanoma Day<br \/>\n<\/span><\/strong><\/span><br \/>\n<img loading=\"lazy\" decoding=\"async\" class=\"alignnone size-medium wp-image-4249\" src=\"http:\/\/prolifeclinics.ro\/wp-content\/uploads\/2014\/12\/AFIS_FINAL-212x300.png\" alt=\"AFIS_FINAL\" width=\"212\" height=\"300\" \/><\/p>\n<p style=\"padding-left: 30px;\"><span style=\"font-family: georgia, palatino, serif;\"><br \/>\nPune stop cancerului de piele! <\/span><\/p>\n<p style=\"padding-left: 30px;\"><span style=\"font-family: georgia, palatino, serif;\">Informeaza-te!\u00a0\u2028\u2028<\/span><\/p>\n<p><span style=\"font-family: georgia, palatino, serif;\">\u00a0 \u00a0 \u00a0 \u00a0 \u00a0In parteneriat cu cea mai mare asocia\u0163ie europeana de dermatologie, Academia European\u0103 de\u00a0Dermatologie \u015fi Venerologie (EADV),\u00a0Societatea Romana de Dermatologie\u00a0(SRD) va demara in aceasta\u00a0\u2028vara o ampla campanie de informare in ceea ce priveste depistarea melanomului si prevenirea cancerului\u00a0\u2028cutanat.<br \/>\n<\/span><\/p>\n<p>&nbsp;<\/p>\n<div align=\"center\"><span class=\"ws12\" style=\"color: #339966; font-family: georgia, palatino, serif;\"><b>Site:<\/b><\/span><\/div>\n<div align=\"center\"><a href=\"http:\/\/www.srd.ro\/index.php\/euro-melanoma-day\" target=\"_blank\" rel=\"noopener noreferrer\">http:\/\/www.srd.ro\/index.php\/euro-melanoma-day<\/a><\/div>\n<h3 align=\"center\"><\/h3>\n<h3 align=\"center\"><\/h3>\n<h3 align=\"center\"><strong><span class=\"ws20\" style=\"font-family: georgia, palatino, serif; color: #008000;\">Zilele V<\/span><\/strong><\/h3>\n<div align=\"center\"><span class=\"ws20\" style=\"font-family: georgia, palatino, serif;\"><a href=\"http:\/\/prolifeclinics.ro\/wp-content\/uploads\/2014\/12\/cropped-fb-cover-pic21.png\"><img loading=\"lazy\" decoding=\"async\" class=\"wp-image-213 aligncenter\" src=\"http:\/\/prolifeclinics.ro\/wp-content\/uploads\/2014\/12\/cropped-fb-cover-pic21.png\" alt=\"cropped-fb-cover-pic21\" width=\"316\" height=\"117\" \/><\/a>\u00a0<\/span><\/div>\n<div>\n<p style=\"text-align: justify;\"><span style=\"font-family: georgia, palatino, serif;\"><span class=\"ws20\">\u00a0\u00a0\u00a0\u00a0<\/span>Zilele V : Protejeaza-ti feminitatea! campanie nationala ce va cuprinde pe langa informare \/ educatie medicala, consult ginecologic de rutina si diagnostic gratuit pentru depistarea si tratarea infectiilor vaginale.\u00a0Societatea Rom\u00e2n\u0103 de Ultrasonografie \u00een Obstetric\u0103 \u0219i Ginecologie sus\u021bine \u00eencepand cu luna februarie 2014, campania de informare, educa\u021bie \u0219i comunicare medical\u0103 privind s\u0103n\u0103tatea femeii: Zilele V \u2013 Protejeaz\u0103-\u021bi feminitatea! campanie na\u021bional\u0103 ce va cuprinde pe l\u00e2ng\u0103 informare\/educa\u021bie medical\u0103, consult ginecologic de rutin\u0103 \u0219i diagnostic gratuit pentru depistarea \u0219i tratarea infec\u021biilor vaginale.<\/span><br \/>\n<span style=\"font-family: georgia, palatino, serif;\"> \u00cencep\u00e2nd cu luna februarie 2014, \u00een 36 clinici medicale din 16 ora\u0219e: Bucure\u0219ti, Bra\u0219ov, Constan\u021ba, Craiova, Foc\u0219ani, Ia\u0219i, Suceava, Bac\u0103u, Satu Mare, Timi\u0219oara, Pite\u0219ti, Oradea, Cluj Napoca, Ploie\u0219ti, T\u00e2rgovi\u0219te \u0219i Arad, medicii ginecologi vor oferi sesiuni de informare medical\u0103 privind s\u0103n\u0103tatea femeii, consulta\u021bii ginecologice de rutin\u0103 \u0219i diagnostic gratuit pentru depistarea \u0219i tratarea corect\u0103 a infec\u021biilor vaginale.<\/span><\/p>\n<\/div>\n<\/div>\n<\/div>\n<div id=\"text25\">\n<div class=\"wpmd\">\n<div align=\"center\"><span style=\"font-family: georgia, palatino, serif;\">\u00a0<\/span><\/div>\n<div align=\"center\"><span class=\"ws12\" style=\"color: #339966; font-family: georgia, palatino, serif;\"><b>Site:<\/b><\/span><\/div>\n<div align=\"center\"><span class=\"ws12\" style=\"font-family: georgia, palatino, serif;\"><a class=\"style1\" title=\"\" href=\"http:\/\/www.zilelev.com\/\">www.zilelev.com<\/a><\/span><\/div>\n<div align=\"center\"><span class=\"ws12\" style=\"color: #339966; font-family: georgia, palatino, serif;\"><b>\u00a0<\/b><\/span><\/div>\n<div align=\"center\"><span class=\"ws12\" style=\"color: #339966; font-family: georgia, palatino, serif;\"><b>Facebook:<\/b><\/span><\/div>\n<div align=\"center\"><span style=\"font-family: georgia, palatino, serif;\"><span class=\"ws12\"><a class=\"style1\" title=\"\" href=\"http:\/\/www.facebook.com\/zilelev?fref=ts.\">https:\/\/www.facebook.com\/zilelev?fref=ts<\/a><\/span><span class=\"ws12\"><b><a class=\"style1\" title=\"\" href=\"http:\/\/www.facebook.com\/zilelev?fref=ts.\">.<\/a><\/b><\/span><\/span><\/div>\n<div align=\"center\"><span style=\"font-family: georgia, palatino, serif;\">\u00a0<\/span><\/div>\n<div align=\"center\"><span style=\"font-family: georgia, palatino, serif;\">\u00a0<\/span><\/div>\n<div align=\"center\"><span style=\"font-family: georgia, palatino, serif;\">\u00a0<\/span><\/div>\n<h3 align=\"center\"><span style=\"color: #008000; font-family: georgia, palatino, serif;\">Impreuna facem &#8220;Scoala altfel&#8221;<\/span><\/h3>\n<div style=\"text-align: left;\" align=\"center\">\n<h3 align=\"center\"><span class=\"ws20\" style=\"font-family: georgia, palatino, serif; color: #008000;\"><a href=\"http:\/\/prolifeclinics.ro\/wp-content\/uploads\/2014\/12\/485552_289087031260796_2803359162852837406_n.jpg\"><img loading=\"lazy\" decoding=\"async\" class=\"alignnone size-thumbnail wp-image-205\" src=\"http:\/\/prolifeclinics.ro\/wp-content\/uploads\/2014\/12\/485552_289087031260796_2803359162852837406_n-150x150.jpg\" alt=\"485552_289087031260796_2803359162852837406_n\" width=\"150\" height=\"150\" \/><\/a> <a href=\"http:\/\/prolifeclinics.ro\/wp-content\/uploads\/2014\/12\/603620_289086557927510_2851280834455074176_n.jpg\"><img loading=\"lazy\" decoding=\"async\" class=\"alignnone size-thumbnail wp-image-206\" src=\"http:\/\/prolifeclinics.ro\/wp-content\/uploads\/2014\/12\/603620_289086557927510_2851280834455074176_n-150x150.jpg\" alt=\"603620_289086557927510_2851280834455074176_n\" width=\"150\" height=\"150\" \/><\/a> \u00a0<a href=\"http:\/\/prolifeclinics.ro\/wp-content\/uploads\/2014\/12\/10251888_289086767927489_7860547770267731903_n.jpg\"><img loading=\"lazy\" decoding=\"async\" class=\"alignnone size-thumbnail wp-image-208\" src=\"http:\/\/prolifeclinics.ro\/wp-content\/uploads\/2014\/12\/10251888_289086767927489_7860547770267731903_n-150x150.jpg\" alt=\"10251888_289086767927489_7860547770267731903_n\" width=\"150\" height=\"150\" \/><img loading=\"lazy\" decoding=\"async\" class=\"alignnone size-thumbnail wp-image-207\" src=\"http:\/\/prolifeclinics.ro\/wp-content\/uploads\/2014\/12\/10168060_289087231260776_4242405795412724093_n-150x150.jpg\" alt=\"10168060_289087231260776_4242405795412724093_n\" width=\"150\" height=\"150\" \/><\/a> <\/span><\/h3>\n<p style=\"text-align: justify;\" align=\"justify\"><span style=\"font-family: georgia, palatino, serif;\"><span class=\"ws20\">\u00a0\u00a0\u00a0\u00a0<\/span>Saptamana 7 &#8211; 11 aprilie 2014 este dedicat\u0103 activitatilor educative extracurriculare si extrascolare, in cadrul programului numit \u201eScoala altfel: Sa stii mai multe, sa fii mai bun!\u201d. In aceasta saptamana nu se organizeaza cursuri conform orarului obisnuit al unitatii de invatamant, iar programul \u201eScoala altfel: Sa stii mai multe, sa fii mai bun!\u201d se va desf\u0103sura \u00een conformitate cu un orar special.<br \/>\nScopul acestui program este implicarea tuturor copiilor prescolari \/ elevilor si a cadrelor didactice in activitati care sa raspunda intereselor si preocuparilor diverse ale copiilor prescolari\/elevilor, sa puna in valoare talentele si capacit\u0103tile acestora \u00een diferite domenii, nu neaparat \u00een cele prezente in curriculumul national, si sa stimuleze participarea lor la actiuni variate, in contexte nonformale.<\/span><\/p>\n<div align=\"justify\"><span style=\"font-family: georgia, palatino, serif;\">\u00a0<\/span><\/div>\n<div align=\"justify\"><span style=\"font-family: georgia, palatino, serif;\">\u00a0<\/span><\/div>\n<h3 style=\"text-align: center;\" align=\"justify\"><span style=\"color: #008000; font-family: georgia, palatino, serif;\">Conferinta Prof. Dr. Albert Ignatenko<\/span><\/h3>\n<div align=\"justify\"><span style=\"font-family: georgia, palatino, serif;\"><img loading=\"lazy\" decoding=\"async\" class=\"wp-image-209 size-medium aligncenter\" src=\"http:\/\/prolifeclinics.ro\/wp-content\/uploads\/2014\/12\/Invitatie-NOUA1-300x212.jpg\" alt=\"Invitatie NOUA1\" width=\"300\" height=\"212\" \/><\/span><\/div>\n<div align=\"justify\"><span style=\"font-family: georgia, palatino, serif;\">\u00a0<\/span><\/div>\n<p align=\"justify\"><span style=\"font-family: georgia, palatino, serif;\">\u00a0 \u00a0 \u00a0 \u00a0 Albert (Alexei) Venedictovici Ignatenko este un om de stiinta cosmolog (n\u0103scut la 4 martie 1943 \u00een Ucraina). Doctor \u00een filosofie, doctor \u00een medicina psiho-informa\u021bional\u0103, doctor \u00een \u0219tiin\u021be biologice \u0219i energo-informa\u021bionale, doctor \u00een \u0219tiin\u021bele securit\u0103\u021bii interna\u021bionale, profesor\u00a0 al Academiei Interna\u021bionale \u0219i Europene de Informatizare (Membru asociat al structurilor ONU), \u0219eful catedrei de Psihoinforma\u0163iologie a UIDF (Universit\u0103\u0163ii Interna\u0163ionale de \u015etiin\u0163e Fundamentale (re\u0163eaua educa\u0163ional\u0103 Oxford), Pre\u015fedintele Ligii Natiunilor Cosmo-Umaniste Universale, Pre\u015fedintele Fundatiei interna\u0163ionale \u201eP\u0103m\u00e2ntul Viu\u201d(Ucraina), Pre\u015fedintele Academiei Cosmoumaniste, Vice-pre\u015fedintele Academiei\u00a0 Medicale Mondiale \u201eV.V. Merkulov\u201d, director al departamentului de instruire al Comitetului Interna\u0163ional de aparare a drepturilor omului(Ucraina),\u00a0 Adjunct al Pre\u015fedinte\u00a0\u00a0 \u00a0lui Comitetului Interna\u0163ional Anti-Criminalitate \u015fi Anti-Terorism (CIAA) privind rela\u0163iile interna\u0163ionale, Prior, Ministrul afacerilor externe al Ordinului Interna\u0163ional O.S.J. \u015fi al Uniunii Interna\u0163ionale a Aristocra\u0163ilor, Academician a dou\u0103sprezece Academii, membru al Uniunii scriitorilor vorbitori de limb\u0103 rus\u0103 din Republica Ceh\u0103, laureat al unor premii interna\u0163ionale, cavaler al unor ordine interna\u0163ionale, conte, general\u00a0 CIAA.<\/span><\/p>\n<\/div>\n<\/div>\n<\/div>\n","protected":false},"excerpt":{"rendered":"<p>Innovation in Health Inova\u0163ia\u00a0nu ar fi posibil\u0103 f\u0103r\u0103 oameni extraordinari \u015fi f\u0103r\u0103 eforturile acestora de a\u00a0face ca lucrurile s\u0103 se \u00eentample.\u00a0Acesta este motivul pentru care alegem s\u0103 le mul\u0163umim \u015fi totodat\u0103 s\u0103 \u00eei premiem pe cei care pun pasiune, ambi\u0163ie, timp \u015fi dedicare proiectelor inovatoare \u00een sistemul sanitar \u0219i veterinar, menite s\u0103 ofere servicii \u015fi [&hellip;]<\/p>\n","protected":false},"author":1,"featured_media":0,"comment_status":"closed","ping_status":"closed","sticky":false,"template":"","format":"standard","meta":{"footnotes":""},"categories":[7],"tags":[],"_links":{"self":[{"href":"https:\/\/clienti.prolifeclinics.ro\/index.php\/wp-json\/wp\/v2\/posts\/4550"}],"collection":[{"href":"https:\/\/clienti.prolifeclinics.ro\/index.php\/wp-json\/wp\/v2\/posts"}],"about":[{"href":"https:\/\/clienti.prolifeclinics.ro\/index.php\/wp-json\/wp\/v2\/types\/post"}],"author":[{"embeddable":true,"href":"https:\/\/clienti.prolifeclinics.ro\/index.php\/wp-json\/wp\/v2\/users\/1"}],"replies":[{"embeddable":true,"href":"https:\/\/clienti.prolifeclinics.ro\/index.php\/wp-json\/wp\/v2\/comments?post=4550"}],"version-history":[{"count":0,"href":"https:\/\/clienti.prolifeclinics.ro\/index.php\/wp-json\/wp\/v2\/posts\/4550\/revisions"}],"wp:attachment":[{"href":"https:\/\/clienti.prolifeclinics.ro\/index.php\/wp-json\/wp\/v2\/media?parent=4550"}],"wp:term":[{"taxonomy":"category","embeddable":true,"href":"https:\/\/clienti.prolifeclinics.ro\/index.php\/wp-json\/wp\/v2\/categories?post=4550"},{"taxonomy":"post_tag","embeddable":true,"href":"https:\/\/clienti.prolifeclinics.ro\/index.php\/wp-json\/wp\/v2\/tags?post=4550"}],"curies":[{"name":"wp","href":"https:\/\/api.w.org\/{rel}","templated":true}]}}